{"id":9621,"date":"2026-04-30T12:19:10","date_gmt":"2026-04-30T10:19:10","guid":{"rendered":"https:\/\/www.burscheidertg.de\/?p=9621"},"modified":"2026-04-30T12:20:29","modified_gmt":"2026-04-30T10:20:29","slug":"sportabzeichen-staffelstab-wird-weitergereicht","status":"publish","type":"post","link":"https:\/\/www.burscheidertg.de\/?p=9621","title":{"rendered":"Sportabzeichen-Staffelstab wird weitergereicht!"},"content":{"rendered":"\n<p>Auf der diesj\u00e4hrigen Sportlerehrung am 24. April 2026 wurde angek\u00fcndigt, dass unsere langj\u00e4hrige Sportabzeichen-Obfrau Ingeborg &#8222;Ico&#8220; Kaftan dieses Jahr ihr Amt an Wolfgang Rauh weiterreicht.<br>Damit geht zwar eine offizielle \u00c4ra zu Ende, aber Ico ist nat\u00fcrlich auch weiterhin montags ab 18 Uhr auf dem Sportplatz Griesberg anzutreffen, um alle Teilnehmenden zu H\u00f6chstleistungen zu motivieren. Wir sagen Danke! f\u00fcr die jahrzehntelange individuelle Betreuung der Sportler*innen und die Leitung des DSA-St\u00fctzpunktes Burscheid und w\u00fcnschen Wolfgang in seinem neuen Amt viel Freude!<\/p>\n\n\n\n<figure class=\"wp-block-image size-large is-resized\"><img loading=\"lazy\" decoding=\"async\" width=\"555\" height=\"740\" src=\"https:\/\/www.burscheidertg.de\/wp-content\/uploads\/Foto-Ico-und-Wolli-2026-Sportabzeichen-555x740.jpeg\" alt=\"\" class=\"wp-image-9622\" style=\"width:401px;height:auto\" srcset=\"https:\/\/www.burscheidertg.de\/wp-content\/uploads\/Foto-Ico-und-Wolli-2026-Sportabzeichen-555x740.jpeg 555w, https:\/\/www.burscheidertg.de\/wp-content\/uploads\/Foto-Ico-und-Wolli-2026-Sportabzeichen-278x370.jpeg 278w, https:\/\/www.burscheidertg.de\/wp-content\/uploads\/Foto-Ico-und-Wolli-2026-Sportabzeichen-768x1024.jpeg 768w, https:\/\/www.burscheidertg.de\/wp-content\/uploads\/Foto-Ico-und-Wolli-2026-Sportabzeichen-1152x1536.jpeg 1152w, https:\/\/www.burscheidertg.de\/wp-content\/uploads\/Foto-Ico-und-Wolli-2026-Sportabzeichen-1536x2048.jpeg 1536w, https:\/\/www.burscheidertg.de\/wp-content\/uploads\/Foto-Ico-und-Wolli-2026-Sportabzeichen-scaled.jpeg 1920w\" sizes=\"auto, (max-width: 555px) 100vw, 555px\" \/><\/figure>\n\n\n\n<p><\/p>\n","protected":false},"excerpt":{"rendered":"<p>Auf der diesj\u00e4hrigen Sportlerehrung am 24. April 2026 wurde angek\u00fcndigt, dass unsere langj\u00e4hrige Sportabzeichen-Obfrau Ingeborg &#8222;Ico&#8220; Kaftan dieses Jahr ihr Amt an Wolfgang Rauh weiterreicht.Damit geht zwar eine offizielle \u00c4ra zu Ende, aber Ico ist nat\u00fcrlich auch weiterhin montags ab 18 Uhr auf dem Sportplatz Griesberg anzutreffen, um alle Teilnehmenden zu H\u00f6chstleistungen zu motivieren. Wir&#8230;<\/p>\n","protected":false},"author":3,"featured_media":0,"comment_status":"closed","ping_status":"closed","sticky":false,"template":"","format":"standard","meta":{"_kad_post_transparent":"","_kad_post_title":"","_kad_post_layout":"","_kad_post_sidebar_id":"","_kad_post_content_style":"","_kad_post_vertical_padding":"","_kad_post_feature":"","_kad_post_feature_position":"","_kad_post_header":false,"_kad_post_footer":false,"_kad_post_classname":"","footnotes":""},"categories":[1],"tags":[],"class_list":["post-9621","post","type-post","status-publish","format-standard","hentry","category-allgemein"],"yoast_head":"<!-- This site is optimized with the Yoast SEO plugin v27.1.1 - https:\/\/yoast.com\/product\/yoast-seo-wordpress\/ -->\n<title>Sportabzeichen-Staffelstab wird weitergereicht! - Burscheider Turngemeinde 1867 e.V.<\/title>\n<meta name=\"robots\" content=\"index, follow, max-snippet:-1, max-image-preview:large, max-video-preview:-1\" \/>\n<link rel=\"canonical\" href=\"https:\/\/www.burscheidertg.de\/?p=9621\" \/>\n<meta property=\"og:locale\" content=\"de_DE\" \/>\n<meta property=\"og:type\" content=\"article\" \/>\n<meta property=\"og:title\" content=\"Sportabzeichen-Staffelstab wird weitergereicht! - Burscheider Turngemeinde 1867 e.V.\" \/>\n<meta property=\"og:description\" content=\"Auf der diesj\u00e4hrigen Sportlerehrung am 24. April 2026 wurde angek\u00fcndigt, dass unsere langj\u00e4hrige Sportabzeichen-Obfrau Ingeborg &#8222;Ico&#8220; Kaftan dieses Jahr ihr Amt an Wolfgang Rauh weiterreicht.Damit geht zwar eine offizielle \u00c4ra zu Ende, aber Ico ist nat\u00fcrlich auch weiterhin montags ab 18 Uhr auf dem Sportplatz Griesberg anzutreffen, um alle Teilnehmenden zu H\u00f6chstleistungen zu motivieren. Wir...\" \/>\n<meta property=\"og:url\" content=\"https:\/\/www.burscheidertg.de\/?p=9621\" \/>\n<meta property=\"og:site_name\" content=\"Burscheider Turngemeinde 1867 e.V.\" \/>\n<meta property=\"article:published_time\" content=\"2026-04-30T10:19:10+00:00\" \/>\n<meta property=\"article:modified_time\" content=\"2026-04-30T10:20:29+00:00\" \/>\n<meta property=\"og:image\" content=\"https:\/\/www.burscheidertg.de\/wp-content\/uploads\/Foto-Ico-und-Wolli-2026-Sportabzeichen-scaled.jpeg\" \/>\n\t<meta property=\"og:image:width\" content=\"1920\" \/>\n\t<meta property=\"og:image:height\" content=\"2560\" \/>\n\t<meta property=\"og:image:type\" content=\"image\/jpeg\" \/>\n<meta name=\"author\" content=\"Beate Scheurlen\" \/>\n<meta name=\"twitter:card\" content=\"summary_large_image\" \/>\n<meta name=\"twitter:label1\" content=\"Verfasst von\" \/>\n\t<meta name=\"twitter:data1\" content=\"Beate Scheurlen\" \/>\n\t<meta name=\"twitter:label2\" content=\"Gesch\u00e4tzte Lesezeit\" \/>\n\t<meta name=\"twitter:data2\" content=\"1\u00a0Minute\" \/>\n<script type=\"application\/ld+json\" class=\"yoast-schema-graph\">{\"@context\":\"https:\/\/schema.org\",\"@graph\":[{\"@type\":\"Article\",\"@id\":\"https:\/\/www.burscheidertg.de\/?p=9621#article\",\"isPartOf\":{\"@id\":\"https:\/\/www.burscheidertg.de\/?p=9621\"},\"author\":{\"name\":\"Beate Scheurlen\",\"@id\":\"https:\/\/www.burscheidertg.de\/#\/schema\/person\/5a46476c6b107b3f5f248baa66487445\"},\"headline\":\"Sportabzeichen-Staffelstab wird weitergereicht!\",\"datePublished\":\"2026-04-30T10:19:10+00:00\",\"dateModified\":\"2026-04-30T10:20:29+00:00\",\"mainEntityOfPage\":{\"@id\":\"https:\/\/www.burscheidertg.de\/?p=9621\"},\"wordCount\":89,\"publisher\":{\"@id\":\"https:\/\/www.burscheidertg.de\/#organization\"},\"image\":{\"@id\":\"https:\/\/www.burscheidertg.de\/?p=9621#primaryimage\"},\"thumbnailUrl\":\"https:\/\/www.burscheidertg.de\/wp-content\/uploads\/Foto-Ico-und-Wolli-2026-Sportabzeichen-555x740.jpeg\",\"inLanguage\":\"de\"},{\"@type\":\"WebPage\",\"@id\":\"https:\/\/www.burscheidertg.de\/?p=9621\",\"url\":\"https:\/\/www.burscheidertg.de\/?p=9621\",\"name\":\"Sportabzeichen-Staffelstab wird weitergereicht! - Burscheider Turngemeinde 1867 e.V.\",\"isPartOf\":{\"@id\":\"https:\/\/www.burscheidertg.de\/#website\"},\"primaryImageOfPage\":{\"@id\":\"https:\/\/www.burscheidertg.de\/?p=9621#primaryimage\"},\"image\":{\"@id\":\"https:\/\/www.burscheidertg.de\/?p=9621#primaryimage\"},\"thumbnailUrl\":\"https:\/\/www.burscheidertg.de\/wp-content\/uploads\/Foto-Ico-und-Wolli-2026-Sportabzeichen-555x740.jpeg\",\"datePublished\":\"2026-04-30T10:19:10+00:00\",\"dateModified\":\"2026-04-30T10:20:29+00:00\",\"breadcrumb\":{\"@id\":\"https:\/\/www.burscheidertg.de\/?p=9621#breadcrumb\"},\"inLanguage\":\"de\",\"potentialAction\":[{\"@type\":\"ReadAction\",\"target\":[\"https:\/\/www.burscheidertg.de\/?p=9621\"]}]},{\"@type\":\"ImageObject\",\"inLanguage\":\"de\",\"@id\":\"https:\/\/www.burscheidertg.de\/?p=9621#primaryimage\",\"url\":\"https:\/\/www.burscheidertg.de\/wp-content\/uploads\/Foto-Ico-und-Wolli-2026-Sportabzeichen-scaled.jpeg\",\"contentUrl\":\"https:\/\/www.burscheidertg.de\/wp-content\/uploads\/Foto-Ico-und-Wolli-2026-Sportabzeichen-scaled.jpeg\",\"width\":1920,\"height\":2560},{\"@type\":\"BreadcrumbList\",\"@id\":\"https:\/\/www.burscheidertg.de\/?p=9621#breadcrumb\",\"itemListElement\":[{\"@type\":\"ListItem\",\"position\":1,\"name\":\"Home\",\"item\":\"https:\/\/www.burscheidertg.de\/\"},{\"@type\":\"ListItem\",\"position\":2,\"name\":\"Sportabzeichen-Staffelstab wird weitergereicht!\"}]},{\"@type\":\"WebSite\",\"@id\":\"https:\/\/www.burscheidertg.de\/#website\",\"url\":\"https:\/\/www.burscheidertg.de\/\",\"name\":\"Burscheider Turngemeinde 1867 e.V.\",\"description\":\"Gemeinsam Sport erleben\",\"publisher\":{\"@id\":\"https:\/\/www.burscheidertg.de\/#organization\"},\"potentialAction\":[{\"@type\":\"SearchAction\",\"target\":{\"@type\":\"EntryPoint\",\"urlTemplate\":\"https:\/\/www.burscheidertg.de\/?s={search_term_string}\"},\"query-input\":{\"@type\":\"PropertyValueSpecification\",\"valueRequired\":true,\"valueName\":\"search_term_string\"}}],\"inLanguage\":\"de\"},{\"@type\":\"Organization\",\"@id\":\"https:\/\/www.burscheidertg.de\/#organization\",\"name\":\"Burscheider Turngemeinde 1867 e.V.\",\"url\":\"https:\/\/www.burscheidertg.de\/\",\"logo\":{\"@type\":\"ImageObject\",\"inLanguage\":\"de\",\"@id\":\"https:\/\/www.burscheidertg.de\/#\/schema\/logo\/image\/\",\"url\":\"https:\/\/www.burscheidertg.de\/wp-content\/uploads\/cropped-cropped-cropped-logo-btg.jpg\",\"contentUrl\":\"https:\/\/www.burscheidertg.de\/wp-content\/uploads\/cropped-cropped-cropped-logo-btg.jpg\",\"width\":290,\"height\":167,\"caption\":\"Burscheider Turngemeinde 1867 e.V.\"},\"image\":{\"@id\":\"https:\/\/www.burscheidertg.de\/#\/schema\/logo\/image\/\"}},{\"@type\":\"Person\",\"@id\":\"https:\/\/www.burscheidertg.de\/#\/schema\/person\/5a46476c6b107b3f5f248baa66487445\",\"name\":\"Beate Scheurlen\",\"image\":{\"@type\":\"ImageObject\",\"inLanguage\":\"de\",\"@id\":\"https:\/\/www.burscheidertg.de\/#\/schema\/person\/image\/\",\"url\":\"https:\/\/secure.gravatar.com\/avatar\/6808f4fd39ea544712b96584b9633aca501108b7715b148bdd1bc7c29c8c312b?s=96&d=mm&r=g\",\"contentUrl\":\"https:\/\/secure.gravatar.com\/avatar\/6808f4fd39ea544712b96584b9633aca501108b7715b148bdd1bc7c29c8c312b?s=96&d=mm&r=g\",\"caption\":\"Beate Scheurlen\"},\"url\":\"https:\/\/www.burscheidertg.de\/?author=3\"}]}<\/script>\n<!-- \/ Yoast SEO plugin. -->","yoast_head_json":{"title":"Sportabzeichen-Staffelstab wird weitergereicht! - Burscheider Turngemeinde 1867 e.V.","robots":{"index":"index","follow":"follow","max-snippet":"max-snippet:-1","max-image-preview":"max-image-preview:large","max-video-preview":"max-video-preview:-1"},"canonical":"https:\/\/www.burscheidertg.de\/?p=9621","og_locale":"de_DE","og_type":"article","og_title":"Sportabzeichen-Staffelstab wird weitergereicht! - Burscheider Turngemeinde 1867 e.V.","og_description":"Auf der diesj\u00e4hrigen Sportlerehrung am 24. April 2026 wurde angek\u00fcndigt, dass unsere langj\u00e4hrige Sportabzeichen-Obfrau Ingeborg &#8222;Ico&#8220; Kaftan dieses Jahr ihr Amt an Wolfgang Rauh weiterreicht.Damit geht zwar eine offizielle \u00c4ra zu Ende, aber Ico ist nat\u00fcrlich auch weiterhin montags ab 18 Uhr auf dem Sportplatz Griesberg anzutreffen, um alle Teilnehmenden zu H\u00f6chstleistungen zu motivieren. Wir...","og_url":"https:\/\/www.burscheidertg.de\/?p=9621","og_site_name":"Burscheider Turngemeinde 1867 e.V.","article_published_time":"2026-04-30T10:19:10+00:00","article_modified_time":"2026-04-30T10:20:29+00:00","og_image":[{"width":1920,"height":2560,"url":"https:\/\/www.burscheidertg.de\/wp-content\/uploads\/Foto-Ico-und-Wolli-2026-Sportabzeichen-scaled.jpeg","type":"image\/jpeg"}],"author":"Beate Scheurlen","twitter_card":"summary_large_image","twitter_misc":{"Verfasst von":"Beate Scheurlen","Gesch\u00e4tzte Lesezeit":"1\u00a0Minute"},"schema":{"@context":"https:\/\/schema.org","@graph":[{"@type":"Article","@id":"https:\/\/www.burscheidertg.de\/?p=9621#article","isPartOf":{"@id":"https:\/\/www.burscheidertg.de\/?p=9621"},"author":{"name":"Beate Scheurlen","@id":"https:\/\/www.burscheidertg.de\/#\/schema\/person\/5a46476c6b107b3f5f248baa66487445"},"headline":"Sportabzeichen-Staffelstab wird weitergereicht!","datePublished":"2026-04-30T10:19:10+00:00","dateModified":"2026-04-30T10:20:29+00:00","mainEntityOfPage":{"@id":"https:\/\/www.burscheidertg.de\/?p=9621"},"wordCount":89,"publisher":{"@id":"https:\/\/www.burscheidertg.de\/#organization"},"image":{"@id":"https:\/\/www.burscheidertg.de\/?p=9621#primaryimage"},"thumbnailUrl":"https:\/\/www.burscheidertg.de\/wp-content\/uploads\/Foto-Ico-und-Wolli-2026-Sportabzeichen-555x740.jpeg","inLanguage":"de"},{"@type":"WebPage","@id":"https:\/\/www.burscheidertg.de\/?p=9621","url":"https:\/\/www.burscheidertg.de\/?p=9621","name":"Sportabzeichen-Staffelstab wird weitergereicht! - Burscheider Turngemeinde 1867 e.V.","isPartOf":{"@id":"https:\/\/www.burscheidertg.de\/#website"},"primaryImageOfPage":{"@id":"https:\/\/www.burscheidertg.de\/?p=9621#primaryimage"},"image":{"@id":"https:\/\/www.burscheidertg.de\/?p=9621#primaryimage"},"thumbnailUrl":"https:\/\/www.burscheidertg.de\/wp-content\/uploads\/Foto-Ico-und-Wolli-2026-Sportabzeichen-555x740.jpeg","datePublished":"2026-04-30T10:19:10+00:00","dateModified":"2026-04-30T10:20:29+00:00","breadcrumb":{"@id":"https:\/\/www.burscheidertg.de\/?p=9621#breadcrumb"},"inLanguage":"de","potentialAction":[{"@type":"ReadAction","target":["https:\/\/www.burscheidertg.de\/?p=9621"]}]},{"@type":"ImageObject","inLanguage":"de","@id":"https:\/\/www.burscheidertg.de\/?p=9621#primaryimage","url":"https:\/\/www.burscheidertg.de\/wp-content\/uploads\/Foto-Ico-und-Wolli-2026-Sportabzeichen-scaled.jpeg","contentUrl":"https:\/\/www.burscheidertg.de\/wp-content\/uploads\/Foto-Ico-und-Wolli-2026-Sportabzeichen-scaled.jpeg","width":1920,"height":2560},{"@type":"BreadcrumbList","@id":"https:\/\/www.burscheidertg.de\/?p=9621#breadcrumb","itemListElement":[{"@type":"ListItem","position":1,"name":"Home","item":"https:\/\/www.burscheidertg.de\/"},{"@type":"ListItem","position":2,"name":"Sportabzeichen-Staffelstab wird weitergereicht!"}]},{"@type":"WebSite","@id":"https:\/\/www.burscheidertg.de\/#website","url":"https:\/\/www.burscheidertg.de\/","name":"Burscheider Turngemeinde 1867 e.V.","description":"Gemeinsam Sport erleben","publisher":{"@id":"https:\/\/www.burscheidertg.de\/#organization"},"potentialAction":[{"@type":"SearchAction","target":{"@type":"EntryPoint","urlTemplate":"https:\/\/www.burscheidertg.de\/?s={search_term_string}"},"query-input":{"@type":"PropertyValueSpecification","valueRequired":true,"valueName":"search_term_string"}}],"inLanguage":"de"},{"@type":"Organization","@id":"https:\/\/www.burscheidertg.de\/#organization","name":"Burscheider Turngemeinde 1867 e.V.","url":"https:\/\/www.burscheidertg.de\/","logo":{"@type":"ImageObject","inLanguage":"de","@id":"https:\/\/www.burscheidertg.de\/#\/schema\/logo\/image\/","url":"https:\/\/www.burscheidertg.de\/wp-content\/uploads\/cropped-cropped-cropped-logo-btg.jpg","contentUrl":"https:\/\/www.burscheidertg.de\/wp-content\/uploads\/cropped-cropped-cropped-logo-btg.jpg","width":290,"height":167,"caption":"Burscheider Turngemeinde 1867 e.V."},"image":{"@id":"https:\/\/www.burscheidertg.de\/#\/schema\/logo\/image\/"}},{"@type":"Person","@id":"https:\/\/www.burscheidertg.de\/#\/schema\/person\/5a46476c6b107b3f5f248baa66487445","name":"Beate Scheurlen","image":{"@type":"ImageObject","inLanguage":"de","@id":"https:\/\/www.burscheidertg.de\/#\/schema\/person\/image\/","url":"https:\/\/secure.gravatar.com\/avatar\/6808f4fd39ea544712b96584b9633aca501108b7715b148bdd1bc7c29c8c312b?s=96&d=mm&r=g","contentUrl":"https:\/\/secure.gravatar.com\/avatar\/6808f4fd39ea544712b96584b9633aca501108b7715b148bdd1bc7c29c8c312b?s=96&d=mm&r=g","caption":"Beate Scheurlen"},"url":"https:\/\/www.burscheidertg.de\/?author=3"}]}},"_links":{"self":[{"href":"https:\/\/www.burscheidertg.de\/index.php?rest_route=\/wp\/v2\/posts\/9621","targetHints":{"allow":["GET"]}}],"collection":[{"href":"https:\/\/www.burscheidertg.de\/index.php?rest_route=\/wp\/v2\/posts"}],"about":[{"href":"https:\/\/www.burscheidertg.de\/index.php?rest_route=\/wp\/v2\/types\/post"}],"author":[{"embeddable":true,"href":"https:\/\/www.burscheidertg.de\/index.php?rest_route=\/wp\/v2\/users\/3"}],"replies":[{"embeddable":true,"href":"https:\/\/www.burscheidertg.de\/index.php?rest_route=%2Fwp%2Fv2%2Fcomments&post=9621"}],"version-history":[{"count":2,"href":"https:\/\/www.burscheidertg.de\/index.php?rest_route=\/wp\/v2\/posts\/9621\/revisions"}],"predecessor-version":[{"id":9625,"href":"https:\/\/www.burscheidertg.de\/index.php?rest_route=\/wp\/v2\/posts\/9621\/revisions\/9625"}],"wp:attachment":[{"href":"https:\/\/www.burscheidertg.de\/index.php?rest_route=%2Fwp%2Fv2%2Fmedia&parent=9621"}],"wp:term":[{"taxonomy":"category","embeddable":true,"href":"https:\/\/www.burscheidertg.de\/index.php?rest_route=%2Fwp%2Fv2%2Fcategories&post=9621"},{"taxonomy":"post_tag","embeddable":true,"href":"https:\/\/www.burscheidertg.de\/index.php?rest_route=%2Fwp%2Fv2%2Ftags&post=9621"}],"curies":[{"name":"wp","href":"https:\/\/api.w.org\/{rel}","templated":true}]}}